{"id":7538,"date":"2025-07-11T13:43:08","date_gmt":"2025-07-11T11:43:08","guid":{"rendered":"https:\/\/camping-dela-foret.com\/40-jahre-camping-de-la-foret-samstag-21-juni-2025\/"},"modified":"2025-07-11T15:27:32","modified_gmt":"2025-07-11T13:27:32","slug":"40-jahre-camping-de-la-foret-samstag-21-juni-2025","status":"publish","type":"post","link":"https:\/\/camping-dela-foret.com\/de\/actualites\/40-jahre-camping-de-la-foret-samstag-21-juni-2025\/","title":{"rendered":"40 Jahre Urlaub auf dem Camping de la For\u00eat"},"content":{"rendered":"\t\t<div data-elementor-type=\"wp-post\" data-elementor-id=\"7538\" class=\"elementor elementor-7538 elementor-7461\" data-elementor-post-type=\"post\">\n\t\t\t\t<div class=\"elementor-element elementor-element-7dc24f2 e-flex e-con-boxed e-con e-parent\" data-id=\"7dc24f2\" data-element_type=\"container\" data-e-type=\"container\">\n\t\t\t\t\t<div class=\"e-con-inner\">\n\t\t\t\t<div class=\"elementor-element elementor-element-21d3ad58 elementor-widget elementor-widget-text-editor\" data-id=\"21d3ad58\" data-element_type=\"widget\" data-e-type=\"widget\" data-widget_type=\"text-editor.default\">\n\t\t\t\t<div class=\"elementor-widget-container\">\n\t\t\t\t\t\t\t\t\t<p><\/p>\n<p>Seit 1985 ist der Camping de la For\u00eat bestrebt, in seiner Region aktiv zu sein, um lokale und internationale Besucher zusammenzubringen, zu unterhalten und zu bewirten. Das Jahr 2025 markiert das 40. Jahr unseres Betriebs und wir freuen uns sehr, dass wir dies am <strong>Samstag, den 21. Juni 2025<\/strong>, mit Ihnen feiern konnten. &nbsp;<\/p><p>Herzlichen Dank an alle, dass Sie an diesem Tag so zahlreich erschienen sind!<\/p>\n<p><\/p>\t\t\t\t\t\t\t\t<\/div>\n\t\t\t\t<\/div>\n\t\t\t\t<div class=\"elementor-element elementor-element-4679b34 elementor-widget elementor-widget-heading\" data-id=\"4679b34\" data-element_type=\"widget\" data-e-type=\"widget\" data-widget_type=\"heading.default\">\n\t\t\t\t<div class=\"elementor-widget-container\">\n\t\t\t\t\t<h2 class=\"elementor-heading-title elementor-size-default\">Eine Familiengeschichte seit 1985<\/h2>\t\t\t\t<\/div>\n\t\t\t\t<\/div>\n\t\t\t\t<div class=\"elementor-element elementor-element-891a841 elementor-widget elementor-widget-text-editor\" data-id=\"891a841\" data-element_type=\"widget\" data-e-type=\"widget\" data-widget_type=\"text-editor.default\">\n\t\t\t\t<div class=\"elementor-widget-container\">\n\t\t\t\t\t\t\t\t\t\n<p>Der von <strong>Pierre und Colette Annaler<\/strong> erdachte Camping de la For\u00eat wurde 1985 auf dem Grundst\u00fcck der Familie errichtet. Sehr schnell wurden die gr\u00fcnen Parzellen zu Stellpl\u00e4tzen und die ersten Zelte wurden aufgestellt. <\/p>\n\n<p>Dank ihrer N\u00e4he zu den ersten Campern und ihrer Willenskraft bauen Pierre und Colette die Grundlagen f\u00fcr einen <strong>Totem-Ort<\/strong> im Dorf <strong>Levier<\/strong>.<\/p>\n\t\t\t\t\t\t\t\t<\/div>\n\t\t\t\t<\/div>\n\t\t\t\t<div class=\"elementor-element elementor-element-24d9660 elementor-widget elementor-widget-heading\" data-id=\"24d9660\" data-element_type=\"widget\" data-e-type=\"widget\" data-widget_type=\"heading.default\">\n\t\t\t\t<div class=\"elementor-widget-container\">\n\t\t\t\t\t<h2 class=\"elementor-heading-title elementor-size-default\">Ein Campingplatz mit starken Werten<\/h2>\t\t\t\t<\/div>\n\t\t\t\t<\/div>\n\t\t\t\t<div class=\"elementor-element elementor-element-30c0188 elementor-widget elementor-widget-text-editor\" data-id=\"30c0188\" data-element_type=\"widget\" data-e-type=\"widget\" data-widget_type=\"text-editor.default\">\n\t\t\t\t<div class=\"elementor-widget-container\">\n\t\t\t\t\t\t\t\t\t\n<p>Im Jahr 2006 \u00fcbernahmen <strong>Jacques Annaler <\/strong>, ihr Sohn, und <strong>Pierrette Jeannin <\/strong>die Leitung und wollten den Campingplatz modernisieren. Wir arbeiten mit lokalen Unternehmen und Produzenten zusammen, um Ihnen regionale Qualit\u00e4tsprodukte anbieten zu k\u00f6nnen. <\/p>\n\n<p><strong>Unser Ziel<\/strong> ist es, dass Sie <strong>unsere sch\u00f6ne Region Franche-Comt\u00e9<\/strong> w\u00e4hrend Ihres Aufenthalts oder bei den angebotenen Animationen <strong>entdecken<\/strong>. Der <strong>Campingplatz \u201eCamping de la For\u00eat<\/strong>\u201c symbolisiert <strong>die Erfahrung<\/strong> der Begegnung zwischen <strong>Mensch<\/strong> und <strong>Natur<\/strong>.<\/p>\n\t\t\t\t\t\t\t\t<\/div>\n\t\t\t\t<\/div>\n\t\t\t\t<div class=\"elementor-element elementor-element-e0c335e elementor-widget elementor-widget-heading\" data-id=\"e0c335e\" data-element_type=\"widget\" data-e-type=\"widget\" data-widget_type=\"heading.default\">\n\t\t\t\t<div class=\"elementor-widget-container\">\n\t\t\t\t\t<h2 class=\"elementor-heading-title elementor-size-default\">Ein 40-j\u00e4hriges Jubil\u00e4um unter dem Motto der Umwelt<\/h2>\t\t\t\t<\/div>\n\t\t\t\t<\/div>\n\t\t\t\t<div class=\"elementor-element elementor-element-4018b43 elementor-widget elementor-widget-text-editor\" data-id=\"4018b43\" data-element_type=\"widget\" data-e-type=\"widget\" data-widget_type=\"text-editor.default\">\n\t\t\t\t<div class=\"elementor-widget-container\">\n\t\t\t\t\t\t\t\t\t<div class=\"xdj266r x11i5rnm xat24cr x1mh8g0r x1vvkbs\">\n<div class=\"xdj266r x11i5rnm xat24cr x1mh8g0r x1vvkbs\">\n<div class=\"xdj266r x11i5rnm xat24cr x1mh8g0r x1vvkbs\">\n<div>\n<div>\n<p>Das Klima \u00e4ndert sich und unsere Konsumgewohnheiten m\u00fcssen sich \u00e4ndern, das gilt auch f\u00fcr unsere Art zu reisen.<\/p>\n<p>In diesem Zusammenhang arbeiten wir mit <strong>Avenir Montagne<\/strong> und dem Commissariat de Massif zusammen, um regenerative Ma\u00dfnahmen f\u00fcr den Wald, das Wasser, die Wirtschaft und im weiteren Sinne f\u00fcr das Gebiet umzusetzen. Um unser 40-j\u00e4hriges Jubil\u00e4um zu feiern, m\u00f6chten wir, dass der Nachmittag unter den Themen <strong>nachhaltige Entwicklung<\/strong>, <strong>Geselligkeit<\/strong> und <strong>Teilen<\/strong> steht. <\/p>\n<\/div>\n<\/div>\n<\/div>\n<\/div>\n<\/div>\t\t\t\t\t\t\t\t<\/div>\n\t\t\t\t<\/div>\n\t\t\t\t<div class=\"elementor-element elementor-element-1df1439 elementor-widget elementor-widget-heading\" data-id=\"1df1439\" data-element_type=\"widget\" data-e-type=\"widget\" data-widget_type=\"heading.default\">\n\t\t\t\t<div class=\"elementor-widget-container\">\n\t\t\t\t\t<h2 class=\"elementor-heading-title elementor-size-default\">Programm f\u00fcr den 21. Juni 2025<\/h2>\t\t\t\t<\/div>\n\t\t\t\t<\/div>\n\t\t\t\t<div class=\"elementor-element elementor-element-0215ae4 elementor-widget elementor-widget-text-editor\" data-id=\"0215ae4\" data-element_type=\"widget\" data-e-type=\"widget\" data-widget_type=\"text-editor.default\">\n\t\t\t\t<div class=\"elementor-widget-container\">\n\t\t\t\t\t\t\t\t\t\n<p><strong>  von 17:30 bis 19:00 Uhr: Offene T\u00fcren<\/strong><\/p>\n\n<ul class=\"wp-block-list\">\n<li>Freie Besichtigung des Campingplatzes,<\/li>\n\n<li>Animationen zur nachhaltigen Entwicklung und zum Klima, angeboten vom Verein <a title=\"\" href=\"https:\/\/www.facebook.com\/DurableEtDoubs\" target=\"_blank\" rel=\"noopener\">Durable et Doubs<\/a><\/li>\n\n<li>Kinderschminken und H\u00fcpfburg f\u00fcr Kinder<\/li>\n<\/ul>\n\n<p><strong>  von 19:00 bis 23:00 Uhr: Musikalische Unterhaltung<\/strong><\/p>\n\n<ul class=\"wp-block-list\">\n<li>1. Teil: J\u00e9r\u00f4me Bin\u00e9truy &#8222;J\u00e9j\u00e9 le Kratzer&#8220; (J\u00e9j\u00e9 der Kratzer)<\/li>\n\n<li>Konzert von Gilles Petitjean<\/li>\n\n<li>Getr\u00e4nke und Essen vor Ort mit dem Foodtruck. <strong><a title=\"\" href=\"https:\/\/www.facebook.com\/audrey.panchot83\/\" target=\"_blank\" rel=\"noopener\">O&#8217;Doubs Burger<\/a><\/strong> und <strong><a title=\"\" href=\"https:\/\/www.ferme-maugain.com\/\" target=\"_blank\" rel=\"noopener\">La Ferme Maugain<\/a><\/strong><\/li>\n<\/ul>\n\n<p> <\/p>\n\t\t\t\t\t\t\t\t<\/div>\n\t\t\t\t<\/div>\n\t\t\t\t<div class=\"elementor-element elementor-element-f12654a elementor-widget elementor-widget-heading\" data-id=\"f12654a\" data-element_type=\"widget\" data-e-type=\"widget\" data-widget_type=\"heading.default\">\n\t\t\t\t<div class=\"elementor-widget-container\">\n\t\t\t\t\t<h2 class=\"elementor-heading-title elementor-size-default\">R\u00fcckblick auf die Veranstaltung in Bildern<\/h2>\t\t\t\t<\/div>\n\t\t\t\t<\/div>\n\t\t\t\t<div class=\"elementor-element elementor-element-422ee01 elementor-widget elementor-widget-gallery\" data-id=\"422ee01\" data-element_type=\"widget\" data-e-type=\"widget\" data-settings=\"{&quot;gallery_layout&quot;:&quot;justified&quot;,&quot;ideal_row_height&quot;:{&quot;unit&quot;:&quot;px&quot;,&quot;size&quot;:350,&quot;sizes&quot;:[]},&quot;gap&quot;:{&quot;unit&quot;:&quot;px&quot;,&quot;size&quot;:5,&quot;sizes&quot;:[]},&quot;lazyload&quot;:&quot;yes&quot;,&quot;ideal_row_height_tablet&quot;:{&quot;unit&quot;:&quot;px&quot;,&quot;size&quot;:150,&quot;sizes&quot;:[]},&quot;ideal_row_height_mobile&quot;:{&quot;unit&quot;:&quot;px&quot;,&quot;size&quot;:150,&quot;sizes&quot;:[]},&quot;gap_tablet&quot;:{&quot;unit&quot;:&quot;px&quot;,&quot;size&quot;:10,&quot;sizes&quot;:[]},&quot;gap_mobile&quot;:{&quot;unit&quot;:&quot;px&quot;,&quot;size&quot;:10,&quot;sizes&quot;:[]},&quot;link_to&quot;:&quot;file&quot;,&quot;overlay_background&quot;:&quot;yes&quot;,&quot;content_hover_animation&quot;:&quot;fade-in&quot;}\" data-widget_type=\"gallery.default\">\n\t\t\t\t<div class=\"elementor-widget-container\">\n\t\t\t\t\t\t\t<div class=\"elementor-gallery__container\">\n\t\t\t\t\t\t\t<a class=\"e-gallery-item elementor-gallery-item elementor-animated-content\" href=\"https:\/\/camping-dela-foret.com\/wp-content\/uploads\/2025\/07\/11-40Ans_Camping-de-la-foret_2025-5-scaled.jpg\" data-elementor-open-lightbox=\"yes\" data-elementor-lightbox-slideshow=\"422ee01\" data-elementor-lightbox-title=\"11 40Ans_Camping de la foret_2025-5\" data-e-action-hash=\"#elementor-action%3Aaction%3Dlightbox%26settings%3DeyJpZCI6NzUwOCwidXJsIjoiaHR0cHM6XC9cL2NhbXBpbmctZGVsYS1mb3JldC5jb21cL3dwLWNvbnRlbnRcL3VwbG9hZHNcLzIwMjVcLzA3XC8xMS00MEFuc19DYW1waW5nLWRlLWxhLWZvcmV0XzIwMjUtNS1zY2FsZWQuanBnIiwic2xpZGVzaG93IjoiNDIyZWUwMSJ9\">\n\t\t\t\t\t<div class=\"e-gallery-image elementor-gallery-item__image\" data-thumbnail=\"https:\/\/camping-dela-foret.com\/wp-content\/uploads\/2025\/07\/11-40Ans_Camping-de-la-foret_2025-5-scaled.jpg\" data-width=\"2560\" data-height=\"1707\" aria-label=\"\" role=\"img\" ><\/div>\n\t\t\t\t\t\t\t\t\t\t\t<div class=\"elementor-gallery-item__overlay\"><\/div>\n\t\t\t\t\t\t\t\t\t\t\t\t\t\t<\/a>\n\t\t\t\t\t\t\t<a class=\"e-gallery-item elementor-gallery-item elementor-animated-content\" href=\"https:\/\/camping-dela-foret.com\/wp-content\/uploads\/2025\/07\/10-40Ans_Camping-de-la-foret_2025-5-scaled.jpg\" data-elementor-open-lightbox=\"yes\" data-elementor-lightbox-slideshow=\"422ee01\" data-elementor-lightbox-title=\"10 40Ans_Camping de la foret_2025-5\" data-e-action-hash=\"#elementor-action%3Aaction%3Dlightbox%26settings%3DeyJpZCI6NzUwNCwidXJsIjoiaHR0cHM6XC9cL2NhbXBpbmctZGVsYS1mb3JldC5jb21cL3dwLWNvbnRlbnRcL3VwbG9hZHNcLzIwMjVcLzA3XC8xMC00MEFuc19DYW1waW5nLWRlLWxhLWZvcmV0XzIwMjUtNS1zY2FsZWQuanBnIiwic2xpZGVzaG93IjoiNDIyZWUwMSJ9\">\n\t\t\t\t\t<div class=\"e-gallery-image elementor-gallery-item__image\" data-thumbnail=\"https:\/\/camping-dela-foret.com\/wp-content\/uploads\/2025\/07\/10-40Ans_Camping-de-la-foret_2025-5-scaled.jpg\" data-width=\"2560\" data-height=\"1706\" aria-label=\"\" role=\"img\" ><\/div>\n\t\t\t\t\t\t\t\t\t\t\t<div class=\"elementor-gallery-item__overlay\"><\/div>\n\t\t\t\t\t\t\t\t\t\t\t\t\t\t<\/a>\n\t\t\t\t\t\t\t<a class=\"e-gallery-item elementor-gallery-item elementor-animated-content\" href=\"https:\/\/camping-dela-foret.com\/wp-content\/uploads\/2025\/07\/7-40Ans_Camping-de-la-foret_2025-5-scaled.jpg\" data-elementor-open-lightbox=\"yes\" data-elementor-lightbox-slideshow=\"422ee01\" data-elementor-lightbox-title=\"7 40Ans_Camping de la foret_2025-5\" data-e-action-hash=\"#elementor-action%3Aaction%3Dlightbox%26settings%3DeyJpZCI6NzQ5MiwidXJsIjoiaHR0cHM6XC9cL2NhbXBpbmctZGVsYS1mb3JldC5jb21cL3dwLWNvbnRlbnRcL3VwbG9hZHNcLzIwMjVcLzA3XC83LTQwQW5zX0NhbXBpbmctZGUtbGEtZm9yZXRfMjAyNS01LXNjYWxlZC5qcGciLCJzbGlkZXNob3ciOiI0MjJlZTAxIn0%3D\">\n\t\t\t\t\t<div class=\"e-gallery-image elementor-gallery-item__image\" data-thumbnail=\"https:\/\/camping-dela-foret.com\/wp-content\/uploads\/2025\/07\/7-40Ans_Camping-de-la-foret_2025-5-scaled.jpg\" data-width=\"2560\" data-height=\"1440\" aria-label=\"\" role=\"img\" ><\/div>\n\t\t\t\t\t\t\t\t\t\t\t<div class=\"elementor-gallery-item__overlay\"><\/div>\n\t\t\t\t\t\t\t\t\t\t\t\t\t\t<\/a>\n\t\t\t\t\t\t\t<a class=\"e-gallery-item elementor-gallery-item elementor-animated-content\" href=\"https:\/\/camping-dela-foret.com\/wp-content\/uploads\/2025\/07\/40Ans_CDLF_2025-18-scaled.jpg\" data-elementor-open-lightbox=\"yes\" data-elementor-lightbox-slideshow=\"422ee01\" data-elementor-lightbox-title=\"40Ans_CDLF_2025-18\" data-e-action-hash=\"#elementor-action%3Aaction%3Dlightbox%26settings%3DeyJpZCI6NzUyNCwidXJsIjoiaHR0cHM6XC9cL2NhbXBpbmctZGVsYS1mb3JldC5jb21cL3dwLWNvbnRlbnRcL3VwbG9hZHNcLzIwMjVcLzA3XC80MEFuc19DRExGXzIwMjUtMTgtc2NhbGVkLmpwZyIsInNsaWRlc2hvdyI6IjQyMmVlMDEifQ%3D%3D\">\n\t\t\t\t\t<div class=\"e-gallery-image elementor-gallery-item__image\" data-thumbnail=\"https:\/\/camping-dela-foret.com\/wp-content\/uploads\/2025\/07\/40Ans_CDLF_2025-18-scaled.jpg\" data-width=\"2560\" data-height=\"1600\" aria-label=\"\" role=\"img\" ><\/div>\n\t\t\t\t\t\t\t\t\t\t\t<div class=\"elementor-gallery-item__overlay\"><\/div>\n\t\t\t\t\t\t\t\t\t\t\t\t\t\t<\/a>\n\t\t\t\t\t\t\t<a class=\"e-gallery-item elementor-gallery-item elementor-animated-content\" href=\"https:\/\/camping-dela-foret.com\/wp-content\/uploads\/2025\/07\/40Ans_CDLF_2025-26-scaled.jpg\" data-elementor-open-lightbox=\"yes\" data-elementor-lightbox-slideshow=\"422ee01\" data-elementor-lightbox-title=\"40Ans_CDLF_2025-26\" data-e-action-hash=\"#elementor-action%3Aaction%3Dlightbox%26settings%3DeyJpZCI6NzUyOCwidXJsIjoiaHR0cHM6XC9cL2NhbXBpbmctZGVsYS1mb3JldC5jb21cL3dwLWNvbnRlbnRcL3VwbG9hZHNcLzIwMjVcLzA3XC80MEFuc19DRExGXzIwMjUtMjYtc2NhbGVkLmpwZyIsInNsaWRlc2hvdyI6IjQyMmVlMDEifQ%3D%3D\">\n\t\t\t\t\t<div class=\"e-gallery-image elementor-gallery-item__image\" data-thumbnail=\"https:\/\/camping-dela-foret.com\/wp-content\/uploads\/2025\/07\/40Ans_CDLF_2025-26-scaled.jpg\" data-width=\"1920\" data-height=\"2560\" aria-label=\"\" role=\"img\" ><\/div>\n\t\t\t\t\t\t\t\t\t\t\t<div class=\"elementor-gallery-item__overlay\"><\/div>\n\t\t\t\t\t\t\t\t\t\t\t\t\t\t<\/a>\n\t\t\t\t\t\t\t<a class=\"e-gallery-item elementor-gallery-item elementor-animated-content\" href=\"https:\/\/camping-dela-foret.com\/wp-content\/uploads\/2025\/07\/8-40Ans_Camping-de-la-foret_2025-5.jpg\" data-elementor-open-lightbox=\"yes\" data-elementor-lightbox-slideshow=\"422ee01\" data-elementor-lightbox-title=\"8 40Ans_Camping de la foret_2025-5\" data-e-action-hash=\"#elementor-action%3Aaction%3Dlightbox%26settings%3DeyJpZCI6NzQ5NiwidXJsIjoiaHR0cHM6XC9cL2NhbXBpbmctZGVsYS1mb3JldC5jb21cL3dwLWNvbnRlbnRcL3VwbG9hZHNcLzIwMjVcLzA3XC84LTQwQW5zX0NhbXBpbmctZGUtbGEtZm9yZXRfMjAyNS01LmpwZyIsInNsaWRlc2hvdyI6IjQyMmVlMDEifQ%3D%3D\">\n\t\t\t\t\t<div class=\"e-gallery-image elementor-gallery-item__image\" data-thumbnail=\"https:\/\/camping-dela-foret.com\/wp-content\/uploads\/2025\/07\/8-40Ans_Camping-de-la-foret_2025-5.jpg\" data-width=\"2199\" data-height=\"2199\" aria-label=\"\" role=\"img\" ><\/div>\n\t\t\t\t\t\t\t\t\t\t\t<div class=\"elementor-gallery-item__overlay\"><\/div>\n\t\t\t\t\t\t\t\t\t\t\t\t\t\t<\/a>\n\t\t\t\t\t\t\t<a class=\"e-gallery-item elementor-gallery-item elementor-animated-content\" href=\"https:\/\/camping-dela-foret.com\/wp-content\/uploads\/2025\/07\/40Ans_CDLF_2025-1.jpg\" data-elementor-open-lightbox=\"yes\" data-elementor-lightbox-slideshow=\"422ee01\" data-elementor-lightbox-title=\"40Ans_CDLF_2025-1\" data-e-action-hash=\"#elementor-action%3Aaction%3Dlightbox%26settings%3DeyJpZCI6NzUxMiwidXJsIjoiaHR0cHM6XC9cL2NhbXBpbmctZGVsYS1mb3JldC5jb21cL3dwLWNvbnRlbnRcL3VwbG9hZHNcLzIwMjVcLzA3XC80MEFuc19DRExGXzIwMjUtMS5qcGciLCJzbGlkZXNob3ciOiI0MjJlZTAxIn0%3D\">\n\t\t\t\t\t<div class=\"e-gallery-image elementor-gallery-item__image\" data-thumbnail=\"https:\/\/camping-dela-foret.com\/wp-content\/uploads\/2025\/07\/40Ans_CDLF_2025-1.jpg\" data-width=\"2477\" data-height=\"2477\" aria-label=\"\" role=\"img\" ><\/div>\n\t\t\t\t\t\t\t\t\t\t\t<div class=\"elementor-gallery-item__overlay\"><\/div>\n\t\t\t\t\t\t\t\t\t\t\t\t\t\t<\/a>\n\t\t\t\t\t\t\t<a class=\"e-gallery-item elementor-gallery-item elementor-animated-content\" href=\"https:\/\/camping-dela-foret.com\/wp-content\/uploads\/2025\/07\/9-40Ans_Camping-de-la-foret_2025-5-scaled.jpg\" data-elementor-open-lightbox=\"yes\" data-elementor-lightbox-slideshow=\"422ee01\" data-elementor-lightbox-title=\"9 40Ans_Camping de la foret_2025-5\" data-e-action-hash=\"#elementor-action%3Aaction%3Dlightbox%26settings%3DeyJpZCI6NzUwMCwidXJsIjoiaHR0cHM6XC9cL2NhbXBpbmctZGVsYS1mb3JldC5jb21cL3dwLWNvbnRlbnRcL3VwbG9hZHNcLzIwMjVcLzA3XC85LTQwQW5zX0NhbXBpbmctZGUtbGEtZm9yZXRfMjAyNS01LXNjYWxlZC5qcGciLCJzbGlkZXNob3ciOiI0MjJlZTAxIn0%3D\">\n\t\t\t\t\t<div class=\"e-gallery-image elementor-gallery-item__image\" data-thumbnail=\"https:\/\/camping-dela-foret.com\/wp-content\/uploads\/2025\/07\/9-40Ans_Camping-de-la-foret_2025-5-scaled.jpg\" data-width=\"1920\" data-height=\"2560\" aria-label=\"\" role=\"img\" ><\/div>\n\t\t\t\t\t\t\t\t\t\t\t<div class=\"elementor-gallery-item__overlay\"><\/div>\n\t\t\t\t\t\t\t\t\t\t\t\t\t\t<\/a>\n\t\t\t\t\t\t\t<a class=\"e-gallery-item elementor-gallery-item elementor-animated-content\" href=\"https:\/\/camping-dela-foret.com\/wp-content\/uploads\/2025\/07\/1-40Ans_Camping-de-la-foret_2025-5-1-scaled.jpg\" data-elementor-open-lightbox=\"yes\" data-elementor-lightbox-slideshow=\"422ee01\" data-elementor-lightbox-title=\"1 40Ans_Camping de la foret_2025-5\" data-e-action-hash=\"#elementor-action%3Aaction%3Dlightbox%26settings%3DeyJpZCI6NzQ2OCwidXJsIjoiaHR0cHM6XC9cL2NhbXBpbmctZGVsYS1mb3JldC5jb21cL3dwLWNvbnRlbnRcL3VwbG9hZHNcLzIwMjVcLzA3XC8xLTQwQW5zX0NhbXBpbmctZGUtbGEtZm9yZXRfMjAyNS01LTEtc2NhbGVkLmpwZyIsInNsaWRlc2hvdyI6IjQyMmVlMDEifQ%3D%3D\">\n\t\t\t\t\t<div class=\"e-gallery-image elementor-gallery-item__image\" data-thumbnail=\"https:\/\/camping-dela-foret.com\/wp-content\/uploads\/2025\/07\/1-40Ans_Camping-de-la-foret_2025-5-1-scaled.jpg\" data-width=\"2560\" data-height=\"1440\" aria-label=\"\" role=\"img\" ><\/div>\n\t\t\t\t\t\t\t\t\t\t\t<div class=\"elementor-gallery-item__overlay\"><\/div>\n\t\t\t\t\t\t\t\t\t\t\t\t\t\t<\/a>\n\t\t\t\t\t\t\t<a class=\"e-gallery-item elementor-gallery-item elementor-animated-content\" href=\"https:\/\/camping-dela-foret.com\/wp-content\/uploads\/2025\/07\/3-40Ans_Camping-de-la-foret_2025-5-scaled.jpg\" data-elementor-open-lightbox=\"yes\" data-elementor-lightbox-slideshow=\"422ee01\" data-elementor-lightbox-title=\"3 40Ans_Camping de la foret_2025-5\" data-e-action-hash=\"#elementor-action%3Aaction%3Dlightbox%26settings%3DeyJpZCI6NzQ3NiwidXJsIjoiaHR0cHM6XC9cL2NhbXBpbmctZGVsYS1mb3JldC5jb21cL3dwLWNvbnRlbnRcL3VwbG9hZHNcLzIwMjVcLzA3XC8zLTQwQW5zX0NhbXBpbmctZGUtbGEtZm9yZXRfMjAyNS01LXNjYWxlZC5qcGciLCJzbGlkZXNob3ciOiI0MjJlZTAxIn0%3D\">\n\t\t\t\t\t<div class=\"e-gallery-image elementor-gallery-item__image\" data-thumbnail=\"https:\/\/camping-dela-foret.com\/wp-content\/uploads\/2025\/07\/3-40Ans_Camping-de-la-foret_2025-5-scaled.jpg\" data-width=\"1920\" data-height=\"2560\" aria-label=\"\" role=\"img\" ><\/div>\n\t\t\t\t\t\t\t\t\t\t\t<div class=\"elementor-gallery-item__overlay\"><\/div>\n\t\t\t\t\t\t\t\t\t\t\t\t\t\t<\/a>\n\t\t\t\t\t\t\t<a class=\"e-gallery-item elementor-gallery-item elementor-animated-content\" href=\"https:\/\/camping-dela-foret.com\/wp-content\/uploads\/2025\/07\/40Ans_CDLF_2025-5-scaled.jpg\" data-elementor-open-lightbox=\"yes\" data-elementor-lightbox-slideshow=\"422ee01\" data-elementor-lightbox-title=\"40Ans_CDLF_2025-5\" data-e-action-hash=\"#elementor-action%3Aaction%3Dlightbox%26settings%3DeyJpZCI6NzUxNiwidXJsIjoiaHR0cHM6XC9cL2NhbXBpbmctZGVsYS1mb3JldC5jb21cL3dwLWNvbnRlbnRcL3VwbG9hZHNcLzIwMjVcLzA3XC80MEFuc19DRExGXzIwMjUtNS1zY2FsZWQuanBnIiwic2xpZGVzaG93IjoiNDIyZWUwMSJ9\">\n\t\t\t\t\t<div class=\"e-gallery-image elementor-gallery-item__image\" data-thumbnail=\"https:\/\/camping-dela-foret.com\/wp-content\/uploads\/2025\/07\/40Ans_CDLF_2025-5-scaled.jpg\" data-width=\"2560\" data-height=\"1707\" aria-label=\"\" role=\"img\" ><\/div>\n\t\t\t\t\t\t\t\t\t\t\t<div class=\"elementor-gallery-item__overlay\"><\/div>\n\t\t\t\t\t\t\t\t\t\t\t\t\t\t<\/a>\n\t\t\t\t\t\t\t<a class=\"e-gallery-item elementor-gallery-item elementor-animated-content\" href=\"https:\/\/camping-dela-foret.com\/wp-content\/uploads\/2025\/07\/5-40Ans_Camping-de-la-foret_2025-5-scaled.jpg\" data-elementor-open-lightbox=\"yes\" data-elementor-lightbox-slideshow=\"422ee01\" data-elementor-lightbox-title=\"5 40Ans_Camping de la foret_2025-5\" data-e-action-hash=\"#elementor-action%3Aaction%3Dlightbox%26settings%3DeyJpZCI6NzQ4NCwidXJsIjoiaHR0cHM6XC9cL2NhbXBpbmctZGVsYS1mb3JldC5jb21cL3dwLWNvbnRlbnRcL3VwbG9hZHNcLzIwMjVcLzA3XC81LTQwQW5zX0NhbXBpbmctZGUtbGEtZm9yZXRfMjAyNS01LXNjYWxlZC5qcGciLCJzbGlkZXNob3ciOiI0MjJlZTAxIn0%3D\">\n\t\t\t\t\t<div class=\"e-gallery-image elementor-gallery-item__image\" data-thumbnail=\"https:\/\/camping-dela-foret.com\/wp-content\/uploads\/2025\/07\/5-40Ans_Camping-de-la-foret_2025-5-scaled.jpg\" data-width=\"2560\" data-height=\"2560\" aria-label=\"\" role=\"img\" ><\/div>\n\t\t\t\t\t\t\t\t\t\t\t<div class=\"elementor-gallery-item__overlay\"><\/div>\n\t\t\t\t\t\t\t\t\t\t\t\t\t\t<\/a>\n\t\t\t\t\t\t\t<a class=\"e-gallery-item elementor-gallery-item elementor-animated-content\" href=\"https:\/\/camping-dela-foret.com\/wp-content\/uploads\/2025\/07\/40Ans_CDLF_2025-12-scaled.jpg\" data-elementor-open-lightbox=\"yes\" data-elementor-lightbox-slideshow=\"422ee01\" data-elementor-lightbox-title=\"40Ans_CDLF_2025-12\" data-e-action-hash=\"#elementor-action%3Aaction%3Dlightbox%26settings%3DeyJpZCI6NzUyMCwidXJsIjoiaHR0cHM6XC9cL2NhbXBpbmctZGVsYS1mb3JldC5jb21cL3dwLWNvbnRlbnRcL3VwbG9hZHNcLzIwMjVcLzA3XC80MEFuc19DRExGXzIwMjUtMTItc2NhbGVkLmpwZyIsInNsaWRlc2hvdyI6IjQyMmVlMDEifQ%3D%3D\">\n\t\t\t\t\t<div class=\"e-gallery-image elementor-gallery-item__image\" data-thumbnail=\"https:\/\/camping-dela-foret.com\/wp-content\/uploads\/2025\/07\/40Ans_CDLF_2025-12-scaled.jpg\" data-width=\"2560\" data-height=\"1707\" aria-label=\"\" role=\"img\" ><\/div>\n\t\t\t\t\t\t\t\t\t\t\t<div class=\"elementor-gallery-item__overlay\"><\/div>\n\t\t\t\t\t\t\t\t\t\t\t\t\t\t<\/a>\n\t\t\t\t\t\t\t<a class=\"e-gallery-item elementor-gallery-item elementor-animated-content\" href=\"https:\/\/camping-dela-foret.com\/wp-content\/uploads\/2025\/07\/6-40Ans_Camping-de-la-foret_2025-5-scaled.jpg\" data-elementor-open-lightbox=\"yes\" data-elementor-lightbox-slideshow=\"422ee01\" data-elementor-lightbox-title=\"6 40Ans_Camping de la foret_2025-5\" data-e-action-hash=\"#elementor-action%3Aaction%3Dlightbox%26settings%3DeyJpZCI6NzQ4OCwidXJsIjoiaHR0cHM6XC9cL2NhbXBpbmctZGVsYS1mb3JldC5jb21cL3dwLWNvbnRlbnRcL3VwbG9hZHNcLzIwMjVcLzA3XC82LTQwQW5zX0NhbXBpbmctZGUtbGEtZm9yZXRfMjAyNS01LXNjYWxlZC5qcGciLCJzbGlkZXNob3ciOiI0MjJlZTAxIn0%3D\">\n\t\t\t\t\t<div class=\"e-gallery-image elementor-gallery-item__image\" data-thumbnail=\"https:\/\/camping-dela-foret.com\/wp-content\/uploads\/2025\/07\/6-40Ans_Camping-de-la-foret_2025-5-scaled.jpg\" data-width=\"1707\" data-height=\"2560\" aria-label=\"\" role=\"img\" ><\/div>\n\t\t\t\t\t\t\t\t\t\t\t<div class=\"elementor-gallery-item__overlay\"><\/div>\n\t\t\t\t\t\t\t\t\t\t\t\t\t\t<\/a>\n\t\t\t\t\t\t\t<a class=\"e-gallery-item elementor-gallery-item elementor-animated-content\" href=\"https:\/\/camping-dela-foret.com\/wp-content\/uploads\/2025\/07\/4-40Ans_Camping-de-la-foret_2025-5-scaled.jpg\" data-elementor-open-lightbox=\"yes\" data-elementor-lightbox-slideshow=\"422ee01\" data-elementor-lightbox-title=\"4 40Ans_Camping de la foret_2025-5\" data-e-action-hash=\"#elementor-action%3Aaction%3Dlightbox%26settings%3DeyJpZCI6NzQ4MCwidXJsIjoiaHR0cHM6XC9cL2NhbXBpbmctZGVsYS1mb3JldC5jb21cL3dwLWNvbnRlbnRcL3VwbG9hZHNcLzIwMjVcLzA3XC80LTQwQW5zX0NhbXBpbmctZGUtbGEtZm9yZXRfMjAyNS01LXNjYWxlZC5qcGciLCJzbGlkZXNob3ciOiI0MjJlZTAxIn0%3D\">\n\t\t\t\t\t<div class=\"e-gallery-image elementor-gallery-item__image\" data-thumbnail=\"https:\/\/camping-dela-foret.com\/wp-content\/uploads\/2025\/07\/4-40Ans_Camping-de-la-foret_2025-5-scaled.jpg\" data-width=\"1920\" data-height=\"2560\" aria-label=\"\" role=\"img\" ><\/div>\n\t\t\t\t\t\t\t\t\t\t\t<div class=\"elementor-gallery-item__overlay\"><\/div>\n\t\t\t\t\t\t\t\t\t\t\t\t\t\t<\/a>\n\t\t\t\t\t\t\t<a class=\"e-gallery-item elementor-gallery-item elementor-animated-content\" href=\"https:\/\/camping-dela-foret.com\/wp-content\/uploads\/2025\/07\/2-40Ans_Camping-de-la-foret_2025-5-scaled.jpg\" data-elementor-open-lightbox=\"yes\" data-elementor-lightbox-slideshow=\"422ee01\" data-elementor-lightbox-title=\"2 40Ans_Camping de la foret_2025-5\" data-e-action-hash=\"#elementor-action%3Aaction%3Dlightbox%26settings%3DeyJpZCI6NzQ3MiwidXJsIjoiaHR0cHM6XC9cL2NhbXBpbmctZGVsYS1mb3JldC5jb21cL3dwLWNvbnRlbnRcL3VwbG9hZHNcLzIwMjVcLzA3XC8yLTQwQW5zX0NhbXBpbmctZGUtbGEtZm9yZXRfMjAyNS01LXNjYWxlZC5qcGciLCJzbGlkZXNob3ciOiI0MjJlZTAxIn0%3D\">\n\t\t\t\t\t<div class=\"e-gallery-image elementor-gallery-item__image\" data-thumbnail=\"https:\/\/camping-dela-foret.com\/wp-content\/uploads\/2025\/07\/2-40Ans_Camping-de-la-foret_2025-5-scaled.jpg\" data-width=\"2560\" data-height=\"1706\" aria-label=\"\" role=\"img\" ><\/div>\n\t\t\t\t\t\t\t\t\t\t\t<div class=\"elementor-gallery-item__overlay\"><\/div>\n\t\t\t\t\t\t\t\t\t\t\t\t\t\t<\/a>\n\t\t\t\t\t<\/div>\n\t\t\t\t\t<\/div>\n\t\t\t\t<\/div>\n\t\t\t\t\t<\/div>\n\t\t\t\t<\/div>\n\t\t\t\t<\/div>\n\t\t","protected":false},"excerpt":{"rendered":"<p>Seit 1985 ist der Camping de la For\u00eat bestrebt, in seiner Region aktiv zu sein, um lokale und internationale Besucher zusammenzubringen, zu unterhalten und zu bewirten. Das Jahr 2025 markiert das 40. Jahr unseres Betriebs und wir freuen uns sehr, dass wir dies am Samstag, den 21. Juni 2025, mit Ihnen feiern konnten.   <\/p>\n","protected":false},"author":5,"featured_media":7466,"comment_status":"closed","ping_status":"open","sticky":false,"template":"","format":"standard","meta":{"om_disable_all_campaigns":false,"_monsterinsights_skip_tracking":false,"_monsterinsights_sitenote_active":false,"_monsterinsights_sitenote_note":"","_monsterinsights_sitenote_category":0,"footnotes":""},"categories":[75],"tags":[],"class_list":["post-7538","post","type-post","status-publish","format-standard","has-post-thumbnail","hentry","category-nachrichten"],"aioseo_notices":[],"_links":{"self":[{"href":"https:\/\/camping-dela-foret.com\/de\/wp-json\/wp\/v2\/posts\/7538","targetHints":{"allow":["GET"]}}],"collection":[{"href":"https:\/\/camping-dela-foret.com\/de\/wp-json\/wp\/v2\/posts"}],"about":[{"href":"https:\/\/camping-dela-foret.com\/de\/wp-json\/wp\/v2\/types\/post"}],"author":[{"embeddable":true,"href":"https:\/\/camping-dela-foret.com\/de\/wp-json\/wp\/v2\/users\/5"}],"replies":[{"embeddable":true,"href":"https:\/\/camping-dela-foret.com\/de\/wp-json\/wp\/v2\/comments?post=7538"}],"version-history":[{"count":3,"href":"https:\/\/camping-dela-foret.com\/de\/wp-json\/wp\/v2\/posts\/7538\/revisions"}],"predecessor-version":[{"id":7588,"href":"https:\/\/camping-dela-foret.com\/de\/wp-json\/wp\/v2\/posts\/7538\/revisions\/7588"}],"wp:featuredmedia":[{"embeddable":true,"href":"https:\/\/camping-dela-foret.com\/de\/wp-json\/wp\/v2\/media\/7466"}],"wp:attachment":[{"href":"https:\/\/camping-dela-foret.com\/de\/wp-json\/wp\/v2\/media?parent=7538"}],"wp:term":[{"taxonomy":"category","embeddable":true,"href":"https:\/\/camping-dela-foret.com\/de\/wp-json\/wp\/v2\/categories?post=7538"},{"taxonomy":"post_tag","embeddable":true,"href":"https:\/\/camping-dela-foret.com\/de\/wp-json\/wp\/v2\/tags?post=7538"}],"curies":[{"name":"wp","href":"https:\/\/api.w.org\/{rel}","templated":true}]}}